{"id":138,"count":0,"description":"","link":"https:\/\/www.gitedello.fr\/en\/tag\/press\/","name":"press","slug":"press","taxonomy":"post_tag","meta":[],"yoast_head":"<!-- This site is optimized with the Yoast SEO plugin v27.5 - https:\/\/yoast.com\/product\/yoast-seo-wordpress\/ -->\n<title>press Archives - G\u00eete de Llo<\/title>\n<meta name=\"robots\" content=\"index, follow, max-snippet:-1, max-image-preview:large, max-video-preview:-1\" \/>\n<link rel=\"canonical\" href=\"https:\/\/www.gitedello.fr\/en\/tag\/press\/\" \/>\n<meta property=\"og:locale\" content=\"en_US\" \/>\n<meta property=\"og:type\" content=\"article\" \/>\n<meta property=\"og:title\" content=\"press Archives - G\u00eete de Llo\" \/>\n<meta property=\"og:url\" content=\"https:\/\/www.gitedello.fr\/en\/tag\/press\/\" \/>\n<meta property=\"og:site_name\" content=\"G\u00eete de Llo\" \/>\n<meta name=\"twitter:card\" content=\"summary_large_image\" \/>\n<script type=\"application\/ld+json\" class=\"yoast-schema-graph\">{\"@context\":\"https:\\\/\\\/schema.org\",\"@graph\":[{\"@type\":\"CollectionPage\",\"@id\":\"https:\\\/\\\/www.gitedello.fr\\\/en\\\/tag\\\/press\\\/\",\"url\":\"https:\\\/\\\/www.gitedello.fr\\\/en\\\/tag\\\/press\\\/\",\"name\":\"press Archives - G\u00eete de Llo\",\"isPartOf\":{\"@id\":\"https:\\\/\\\/www.gitedello.fr\\\/#website\"},\"breadcrumb\":{\"@id\":\"https:\\\/\\\/www.gitedello.fr\\\/en\\\/tag\\\/press\\\/#breadcrumb\"},\"inLanguage\":\"en-US\"},{\"@type\":\"BreadcrumbList\",\"@id\":\"https:\\\/\\\/www.gitedello.fr\\\/en\\\/tag\\\/press\\\/#breadcrumb\",\"itemListElement\":[{\"@type\":\"ListItem\",\"position\":1,\"name\":\"Accueil\",\"item\":\"https:\\\/\\\/www.gitedello.fr\\\/en\\\/home\\\/\"},{\"@type\":\"ListItem\",\"position\":2,\"name\":\"press\"}]},{\"@type\":\"WebSite\",\"@id\":\"https:\\\/\\\/www.gitedello.fr\\\/#website\",\"url\":\"https:\\\/\\\/www.gitedello.fr\\\/\",\"name\":\"G\u00eete de Llo\",\"description\":\"G\u00eetes de Montagne, d&#039;\u00e9tape et de s\u00e9jour\",\"potentialAction\":[{\"@type\":\"SearchAction\",\"target\":{\"@type\":\"EntryPoint\",\"urlTemplate\":\"https:\\\/\\\/www.gitedello.fr\\\/?s={search_term_string}\"},\"query-input\":{\"@type\":\"PropertyValueSpecification\",\"valueRequired\":true,\"valueName\":\"search_term_string\"}}],\"inLanguage\":\"en-US\"}]}<\/script>\n<!-- \/ Yoast SEO plugin. -->","yoast_head_json":{"title":"press Archives - G\u00eete de Llo","robots":{"index":"index","follow":"follow","max-snippet":"max-snippet:-1","max-image-preview":"max-image-preview:large","max-video-preview":"max-video-preview:-1"},"canonical":"https:\/\/www.gitedello.fr\/en\/tag\/press\/","og_locale":"en_US","og_type":"article","og_title":"press Archives - G\u00eete de Llo","og_url":"https:\/\/www.gitedello.fr\/en\/tag\/press\/","og_site_name":"G\u00eete de Llo","twitter_card":"summary_large_image","schema":{"@context":"https:\/\/schema.org","@graph":[{"@type":"CollectionPage","@id":"https:\/\/www.gitedello.fr\/en\/tag\/press\/","url":"https:\/\/www.gitedello.fr\/en\/tag\/press\/","name":"press Archives - G\u00eete de Llo","isPartOf":{"@id":"https:\/\/www.gitedello.fr\/#website"},"breadcrumb":{"@id":"https:\/\/www.gitedello.fr\/en\/tag\/press\/#breadcrumb"},"inLanguage":"en-US"},{"@type":"BreadcrumbList","@id":"https:\/\/www.gitedello.fr\/en\/tag\/press\/#breadcrumb","itemListElement":[{"@type":"ListItem","position":1,"name":"Accueil","item":"https:\/\/www.gitedello.fr\/en\/home\/"},{"@type":"ListItem","position":2,"name":"press"}]},{"@type":"WebSite","@id":"https:\/\/www.gitedello.fr\/#website","url":"https:\/\/www.gitedello.fr\/","name":"G\u00eete de Llo","description":"G\u00eetes de Montagne, d&#039;\u00e9tape et de s\u00e9jour","potentialAction":[{"@type":"SearchAction","target":{"@type":"EntryPoint","urlTemplate":"https:\/\/www.gitedello.fr\/?s={search_term_string}"},"query-input":{"@type":"PropertyValueSpecification","valueRequired":true,"valueName":"search_term_string"}}],"inLanguage":"en-US"}]}},"_links":{"self":[{"href":"https:\/\/www.gitedello.fr\/en\/wp-json\/wp\/v2\/tags\/138","targetHints":{"allow":["GET"]}}],"collection":[{"href":"https:\/\/www.gitedello.fr\/en\/wp-json\/wp\/v2\/tags"}],"about":[{"href":"https:\/\/www.gitedello.fr\/en\/wp-json\/wp\/v2\/taxonomies\/post_tag"}],"wp:post_type":[{"href":"https:\/\/www.gitedello.fr\/en\/wp-json\/wp\/v2\/posts?tags=138"}],"curies":[{"name":"wp","href":"https:\/\/api.w.org\/{rel}","templated":true}]}}