{"id":25779,"date":"2024-07-19T15:14:56","date_gmt":"2024-07-19T13:14:56","guid":{"rendered":"https:\/\/www.gitedello.fr\/the-gite-de-llo-elected-green-key-2024\/"},"modified":"2024-07-19T15:14:56","modified_gmt":"2024-07-19T13:14:56","slug":"the-gite-de-llo-elected-green-key-2024","status":"publish","type":"post","link":"https:\/\/www.gitedello.fr\/en\/the-gite-de-llo-elected-green-key-2024\/","title":{"rendered":"The G\u00eete de Llo elected Green Key 2024"},"content":{"rendered":"<p><img loading=\"lazy\" decoding=\"async\" class=\" wp-image-25099 alignleft\" src=\"https:\/\/www.gitedello.fr\/wp-content\/uploads\/2024\/05\/diplome_2024_GK11441-212x300.png\" alt=\"\" width=\"274\" height=\"388\" srcset=\"https:\/\/www.gitedello.fr\/wp-content\/uploads\/2024\/05\/diplome_2024_GK11441-212x300.png 212w, https:\/\/www.gitedello.fr\/wp-content\/uploads\/2024\/05\/diplome_2024_GK11441.png 595w\" sizes=\"auto, (max-width: 274px) 100vw, 274px\" \/><\/p>\n<p>On January 22, 2024, the team of Llo&#8217;s cottage was present in Bordeaux for the Green Key Label ceremony, where Llo&#8217;s cottage was elected Green Key favorite!<\/p>\n<p>But what is Green Key?<\/p>\n<p>It is the first international sustainable tourism label. The criteria of the label require respect for nature and people, in particular through the control of water and energy consumption, environmental waste management, leisure activities that do not harm nature and the enhancement of the territory&#8217;s natural actors and assets.<\/p>\n<p>The entire team of the g\u00eete is very proud of this recognition! Find us on Green Key&#8217;s social networks, on Instagram and on Linkedin!<\/p>\n","protected":false},"excerpt":{"rendered":"<p>On January 22, 2024, the team of Llo&#8217;s cottage was present in Bordeaux for the Green Key Label ceremony, where Llo&#8217;s cottage was elected Green Key favorite! But what is Green Key? It is the first international sustainable tourism label. The criteria of the label require respect for nature and people, in particular through the [&hellip;]<\/p>\n","protected":false},"author":2,"featured_media":0,"comment_status":"closed","ping_status":"open","sticky":false,"template":"","format":"standard","meta":{"rs_blank_template":"","rs_page_bg_color":"","slide_template_v7":"","footnotes":""},"categories":[134],"tags":[135,136,137],"class_list":["post-25779","post","type-post","status-publish","format-standard","hentry","category-press","tag-clef-verte-en","tag-favorite-2024","tag-label-en"],"yoast_head":"<!-- This site is optimized with the Yoast SEO plugin v27.5 - https:\/\/yoast.com\/product\/yoast-seo-wordpress\/ -->\n<title>The G\u00eete de Llo elected Green Key 2024 - G\u00eete de Llo<\/title>\n<meta name=\"description\" content=\"Llo&#039;s cottage is elected Green Key 2024 favorite! The Green Key label is the first international sustainable tourism label!\" \/>\n<meta name=\"robots\" content=\"index, follow, max-snippet:-1, max-image-preview:large, max-video-preview:-1\" \/>\n<link rel=\"canonical\" href=\"https:\/\/www.gitedello.fr\/en\/the-gite-de-llo-elected-green-key-2024\/\" \/>\n<meta property=\"og:locale\" content=\"en_US\" \/>\n<meta property=\"og:type\" content=\"article\" \/>\n<meta property=\"og:title\" content=\"The G\u00eete de Llo elected Green Key 2024 - G\u00eete de Llo\" \/>\n<meta property=\"og:description\" content=\"Llo&#039;s cottage is elected Green Key 2024 favorite! The Green Key label is the first international sustainable tourism label!\" \/>\n<meta property=\"og:url\" content=\"https:\/\/www.gitedello.fr\/en\/the-gite-de-llo-elected-green-key-2024\/\" \/>\n<meta property=\"og:site_name\" content=\"G\u00eete de Llo\" \/>\n<meta property=\"article:published_time\" content=\"2024-07-19T13:14:56+00:00\" \/>\n<meta property=\"og:image\" content=\"https:\/\/www.gitedello.fr\/wp-content\/uploads\/2024\/05\/diplome_2024_GK11441-212x300.png\" \/>\n<meta name=\"author\" content=\"Julien GIRAUD\" \/>\n<meta name=\"twitter:card\" content=\"summary_large_image\" \/>\n<meta name=\"twitter:label1\" content=\"Written by\" \/>\n\t<meta name=\"twitter:data1\" content=\"Julien GIRAUD\" \/>\n\t<meta name=\"twitter:label2\" content=\"Est. reading time\" \/>\n\t<meta name=\"twitter:data2\" content=\"1 minute\" \/>\n<script type=\"application\/ld+json\" class=\"yoast-schema-graph\">{\"@context\":\"https:\\\/\\\/schema.org\",\"@graph\":[{\"@type\":\"Article\",\"@id\":\"https:\\\/\\\/www.gitedello.fr\\\/en\\\/the-gite-de-llo-elected-green-key-2024\\\/#article\",\"isPartOf\":{\"@id\":\"https:\\\/\\\/www.gitedello.fr\\\/en\\\/the-gite-de-llo-elected-green-key-2024\\\/\"},\"author\":{\"name\":\"Julien GIRAUD\",\"@id\":\"https:\\\/\\\/www.gitedello.fr\\\/#\\\/schema\\\/person\\\/f2db12a83b3aa2ed2c0259ee2a6fb73d\"},\"headline\":\"The G\u00eete de Llo elected Green Key 2024\",\"datePublished\":\"2024-07-19T13:14:56+00:00\",\"mainEntityOfPage\":{\"@id\":\"https:\\\/\\\/www.gitedello.fr\\\/en\\\/the-gite-de-llo-elected-green-key-2024\\\/\"},\"wordCount\":116,\"image\":{\"@id\":\"https:\\\/\\\/www.gitedello.fr\\\/en\\\/the-gite-de-llo-elected-green-key-2024\\\/#primaryimage\"},\"thumbnailUrl\":\"https:\\\/\\\/www.gitedello.fr\\\/wp-content\\\/uploads\\\/2024\\\/05\\\/diplome_2024_GK11441-212x300.png\",\"keywords\":[\"clef verte\",\"Favorite 2024\",\"label\"],\"articleSection\":[\"Press\"],\"inLanguage\":\"en-US\"},{\"@type\":\"WebPage\",\"@id\":\"https:\\\/\\\/www.gitedello.fr\\\/en\\\/the-gite-de-llo-elected-green-key-2024\\\/\",\"url\":\"https:\\\/\\\/www.gitedello.fr\\\/en\\\/the-gite-de-llo-elected-green-key-2024\\\/\",\"name\":\"The G\u00eete de Llo elected Green Key 2024 - G\u00eete de Llo\",\"isPartOf\":{\"@id\":\"https:\\\/\\\/www.gitedello.fr\\\/#website\"},\"primaryImageOfPage\":{\"@id\":\"https:\\\/\\\/www.gitedello.fr\\\/en\\\/the-gite-de-llo-elected-green-key-2024\\\/#primaryimage\"},\"image\":{\"@id\":\"https:\\\/\\\/www.gitedello.fr\\\/en\\\/the-gite-de-llo-elected-green-key-2024\\\/#primaryimage\"},\"thumbnailUrl\":\"https:\\\/\\\/www.gitedello.fr\\\/wp-content\\\/uploads\\\/2024\\\/05\\\/diplome_2024_GK11441-212x300.png\",\"datePublished\":\"2024-07-19T13:14:56+00:00\",\"author\":{\"@id\":\"https:\\\/\\\/www.gitedello.fr\\\/#\\\/schema\\\/person\\\/f2db12a83b3aa2ed2c0259ee2a6fb73d\"},\"description\":\"Llo's cottage is elected Green Key 2024 favorite! The Green Key label is the first international sustainable tourism label!\",\"breadcrumb\":{\"@id\":\"https:\\\/\\\/www.gitedello.fr\\\/en\\\/the-gite-de-llo-elected-green-key-2024\\\/#breadcrumb\"},\"inLanguage\":\"en-US\",\"potentialAction\":[{\"@type\":\"ReadAction\",\"target\":[\"https:\\\/\\\/www.gitedello.fr\\\/en\\\/the-gite-de-llo-elected-green-key-2024\\\/\"]}]},{\"@type\":\"ImageObject\",\"inLanguage\":\"en-US\",\"@id\":\"https:\\\/\\\/www.gitedello.fr\\\/en\\\/the-gite-de-llo-elected-green-key-2024\\\/#primaryimage\",\"url\":\"https:\\\/\\\/www.gitedello.fr\\\/wp-content\\\/uploads\\\/2024\\\/05\\\/diplome_2024_GK11441-212x300.png\",\"contentUrl\":\"https:\\\/\\\/www.gitedello.fr\\\/wp-content\\\/uploads\\\/2024\\\/05\\\/diplome_2024_GK11441-212x300.png\"},{\"@type\":\"BreadcrumbList\",\"@id\":\"https:\\\/\\\/www.gitedello.fr\\\/en\\\/the-gite-de-llo-elected-green-key-2024\\\/#breadcrumb\",\"itemListElement\":[{\"@type\":\"ListItem\",\"position\":1,\"name\":\"Accueil\",\"item\":\"https:\\\/\\\/www.gitedello.fr\\\/en\\\/home\\\/\"},{\"@type\":\"ListItem\",\"position\":2,\"name\":\"The G\u00eete de Llo elected Green Key 2024\"}]},{\"@type\":\"WebSite\",\"@id\":\"https:\\\/\\\/www.gitedello.fr\\\/#website\",\"url\":\"https:\\\/\\\/www.gitedello.fr\\\/\",\"name\":\"G\u00eete de Llo\",\"description\":\"G\u00eetes de Montagne, d&#039;\u00e9tape et de s\u00e9jour\",\"potentialAction\":[{\"@type\":\"SearchAction\",\"target\":{\"@type\":\"EntryPoint\",\"urlTemplate\":\"https:\\\/\\\/www.gitedello.fr\\\/?s={search_term_string}\"},\"query-input\":{\"@type\":\"PropertyValueSpecification\",\"valueRequired\":true,\"valueName\":\"search_term_string\"}}],\"inLanguage\":\"en-US\"},{\"@type\":\"Person\",\"@id\":\"https:\\\/\\\/www.gitedello.fr\\\/#\\\/schema\\\/person\\\/f2db12a83b3aa2ed2c0259ee2a6fb73d\",\"name\":\"Julien GIRAUD\",\"image\":{\"@type\":\"ImageObject\",\"inLanguage\":\"en-US\",\"@id\":\"https:\\\/\\\/secure.gravatar.com\\\/avatar\\\/fca36160b4d49d6bf4b3b85904a8559216e61bc4ba3d02bfd5d97c0219b90ff0?s=96&d=mm&r=g\",\"url\":\"https:\\\/\\\/secure.gravatar.com\\\/avatar\\\/fca36160b4d49d6bf4b3b85904a8559216e61bc4ba3d02bfd5d97c0219b90ff0?s=96&d=mm&r=g\",\"contentUrl\":\"https:\\\/\\\/secure.gravatar.com\\\/avatar\\\/fca36160b4d49d6bf4b3b85904a8559216e61bc4ba3d02bfd5d97c0219b90ff0?s=96&d=mm&r=g\",\"caption\":\"Julien GIRAUD\"},\"url\":\"https:\\\/\\\/www.gitedello.fr\\\/en\\\/author\\\/juliengiraud\\\/\"}]}<\/script>\n<!-- \/ Yoast SEO plugin. -->","yoast_head_json":{"title":"The G\u00eete de Llo elected Green Key 2024 - G\u00eete de Llo","description":"Llo's cottage is elected Green Key 2024 favorite! The Green Key label is the first international sustainable tourism label!","robots":{"index":"index","follow":"follow","max-snippet":"max-snippet:-1","max-image-preview":"max-image-preview:large","max-video-preview":"max-video-preview:-1"},"canonical":"https:\/\/www.gitedello.fr\/en\/the-gite-de-llo-elected-green-key-2024\/","og_locale":"en_US","og_type":"article","og_title":"The G\u00eete de Llo elected Green Key 2024 - G\u00eete de Llo","og_description":"Llo's cottage is elected Green Key 2024 favorite! The Green Key label is the first international sustainable tourism label!","og_url":"https:\/\/www.gitedello.fr\/en\/the-gite-de-llo-elected-green-key-2024\/","og_site_name":"G\u00eete de Llo","article_published_time":"2024-07-19T13:14:56+00:00","og_image":[{"url":"https:\/\/www.gitedello.fr\/wp-content\/uploads\/2024\/05\/diplome_2024_GK11441-212x300.png","type":"","width":"","height":""}],"author":"Julien GIRAUD","twitter_card":"summary_large_image","twitter_misc":{"Written by":"Julien GIRAUD","Est. reading time":"1 minute"},"schema":{"@context":"https:\/\/schema.org","@graph":[{"@type":"Article","@id":"https:\/\/www.gitedello.fr\/en\/the-gite-de-llo-elected-green-key-2024\/#article","isPartOf":{"@id":"https:\/\/www.gitedello.fr\/en\/the-gite-de-llo-elected-green-key-2024\/"},"author":{"name":"Julien GIRAUD","@id":"https:\/\/www.gitedello.fr\/#\/schema\/person\/f2db12a83b3aa2ed2c0259ee2a6fb73d"},"headline":"The G\u00eete de Llo elected Green Key 2024","datePublished":"2024-07-19T13:14:56+00:00","mainEntityOfPage":{"@id":"https:\/\/www.gitedello.fr\/en\/the-gite-de-llo-elected-green-key-2024\/"},"wordCount":116,"image":{"@id":"https:\/\/www.gitedello.fr\/en\/the-gite-de-llo-elected-green-key-2024\/#primaryimage"},"thumbnailUrl":"https:\/\/www.gitedello.fr\/wp-content\/uploads\/2024\/05\/diplome_2024_GK11441-212x300.png","keywords":["clef verte","Favorite 2024","label"],"articleSection":["Press"],"inLanguage":"en-US"},{"@type":"WebPage","@id":"https:\/\/www.gitedello.fr\/en\/the-gite-de-llo-elected-green-key-2024\/","url":"https:\/\/www.gitedello.fr\/en\/the-gite-de-llo-elected-green-key-2024\/","name":"The G\u00eete de Llo elected Green Key 2024 - G\u00eete de Llo","isPartOf":{"@id":"https:\/\/www.gitedello.fr\/#website"},"primaryImageOfPage":{"@id":"https:\/\/www.gitedello.fr\/en\/the-gite-de-llo-elected-green-key-2024\/#primaryimage"},"image":{"@id":"https:\/\/www.gitedello.fr\/en\/the-gite-de-llo-elected-green-key-2024\/#primaryimage"},"thumbnailUrl":"https:\/\/www.gitedello.fr\/wp-content\/uploads\/2024\/05\/diplome_2024_GK11441-212x300.png","datePublished":"2024-07-19T13:14:56+00:00","author":{"@id":"https:\/\/www.gitedello.fr\/#\/schema\/person\/f2db12a83b3aa2ed2c0259ee2a6fb73d"},"description":"Llo's cottage is elected Green Key 2024 favorite! The Green Key label is the first international sustainable tourism label!","breadcrumb":{"@id":"https:\/\/www.gitedello.fr\/en\/the-gite-de-llo-elected-green-key-2024\/#breadcrumb"},"inLanguage":"en-US","potentialAction":[{"@type":"ReadAction","target":["https:\/\/www.gitedello.fr\/en\/the-gite-de-llo-elected-green-key-2024\/"]}]},{"@type":"ImageObject","inLanguage":"en-US","@id":"https:\/\/www.gitedello.fr\/en\/the-gite-de-llo-elected-green-key-2024\/#primaryimage","url":"https:\/\/www.gitedello.fr\/wp-content\/uploads\/2024\/05\/diplome_2024_GK11441-212x300.png","contentUrl":"https:\/\/www.gitedello.fr\/wp-content\/uploads\/2024\/05\/diplome_2024_GK11441-212x300.png"},{"@type":"BreadcrumbList","@id":"https:\/\/www.gitedello.fr\/en\/the-gite-de-llo-elected-green-key-2024\/#breadcrumb","itemListElement":[{"@type":"ListItem","position":1,"name":"Accueil","item":"https:\/\/www.gitedello.fr\/en\/home\/"},{"@type":"ListItem","position":2,"name":"The G\u00eete de Llo elected Green Key 2024"}]},{"@type":"WebSite","@id":"https:\/\/www.gitedello.fr\/#website","url":"https:\/\/www.gitedello.fr\/","name":"G\u00eete de Llo","description":"G\u00eetes de Montagne, d&#039;\u00e9tape et de s\u00e9jour","potentialAction":[{"@type":"SearchAction","target":{"@type":"EntryPoint","urlTemplate":"https:\/\/www.gitedello.fr\/?s={search_term_string}"},"query-input":{"@type":"PropertyValueSpecification","valueRequired":true,"valueName":"search_term_string"}}],"inLanguage":"en-US"},{"@type":"Person","@id":"https:\/\/www.gitedello.fr\/#\/schema\/person\/f2db12a83b3aa2ed2c0259ee2a6fb73d","name":"Julien GIRAUD","image":{"@type":"ImageObject","inLanguage":"en-US","@id":"https:\/\/secure.gravatar.com\/avatar\/fca36160b4d49d6bf4b3b85904a8559216e61bc4ba3d02bfd5d97c0219b90ff0?s=96&d=mm&r=g","url":"https:\/\/secure.gravatar.com\/avatar\/fca36160b4d49d6bf4b3b85904a8559216e61bc4ba3d02bfd5d97c0219b90ff0?s=96&d=mm&r=g","contentUrl":"https:\/\/secure.gravatar.com\/avatar\/fca36160b4d49d6bf4b3b85904a8559216e61bc4ba3d02bfd5d97c0219b90ff0?s=96&d=mm&r=g","caption":"Julien GIRAUD"},"url":"https:\/\/www.gitedello.fr\/en\/author\/juliengiraud\/"}]}},"_links":{"self":[{"href":"https:\/\/www.gitedello.fr\/en\/wp-json\/wp\/v2\/posts\/25779","targetHints":{"allow":["GET"]}}],"collection":[{"href":"https:\/\/www.gitedello.fr\/en\/wp-json\/wp\/v2\/posts"}],"about":[{"href":"https:\/\/www.gitedello.fr\/en\/wp-json\/wp\/v2\/types\/post"}],"author":[{"embeddable":true,"href":"https:\/\/www.gitedello.fr\/en\/wp-json\/wp\/v2\/users\/2"}],"replies":[{"embeddable":true,"href":"https:\/\/www.gitedello.fr\/en\/wp-json\/wp\/v2\/comments?post=25779"}],"version-history":[{"count":0,"href":"https:\/\/www.gitedello.fr\/en\/wp-json\/wp\/v2\/posts\/25779\/revisions"}],"wp:attachment":[{"href":"https:\/\/www.gitedello.fr\/en\/wp-json\/wp\/v2\/media?parent=25779"}],"wp:term":[{"taxonomy":"category","embeddable":true,"href":"https:\/\/www.gitedello.fr\/en\/wp-json\/wp\/v2\/categories?post=25779"},{"taxonomy":"post_tag","embeddable":true,"href":"https:\/\/www.gitedello.fr\/en\/wp-json\/wp\/v2\/tags?post=25779"}],"curies":[{"name":"wp","href":"https:\/\/api.w.org\/{rel}","templated":true}]}}